{"id":697,"date":"2021-08-30T11:50:26","date_gmt":"2021-08-30T09:50:26","guid":{"rendered":"https:\/\/www.futbolclubs.es\/cdjorgejuan\/?post_type=news&#038;p=697"},"modified":"2021-12-17T20:54:57","modified_gmt":"2021-12-17T18:54:57","slug":"por-fin-empezamos","status":"publish","type":"news","link":"https:\/\/www.futbolclubs.es\/cdjorgejuan\/news\/por-fin-empezamos\/","title":{"rendered":"POR FIN EMPEZAMOS!!"},"content":{"rendered":"<h3><\/h3>\n<h3 style=\"text-align: center\"><strong><span style=\"color: #ff0000\">EL PR\u00d3XIMO MARTES 1 DE SEPTIEMBRE INICIAMOS LA PRE-TEMPORADA. <\/span><\/strong><\/h3>\n<p style=\"text-align: center\">Tras meses de incertidumbre por fin nos ponemos en marcha. Estaremos a vuestra disposici\u00f3n en la oficina de nuestros campos en C.D. Parque Amate de 17:00 a 19:00 H para inscripciones, informaci\u00f3n, dudas, etc.<\/p>\n<h3 style=\"text-align: center\"><strong><span style=\"color: #ff0000\">PR\u00d3XIMAMENTE OS INFORMAREMOS DE LOS D\u00cdAS DE COMIENZO DE LOS ENTRENAMIENTOS SEG\u00daN CATEGOR\u00cdAS.<\/span><\/strong><\/h3>\n","protected":false},"excerpt":{"rendered":"<p>EL PR\u00d3XIMO MARTES 1 DE SEPTIEMBRE INICIAMOS LA PRE-TEMPORADA. Tras meses de incertidumbre por fin nos ponemos en marcha. Estaremos a vuestra disposici\u00f3n en la oficina de nuestros campos en C.D. Parque Amate de 17:00 a 19:00 H para inscripciones, informaci\u00f3n, dudas, etc. PR\u00d3XIMAMENTE OS INFORMAREMOS DE LOS D\u00cdAS DE COMIENZO DE LOS ENTRENAMIENTOS SEG\u00daN [&hellip;]<\/p>\n","protected":false},"template":"","class_list":["post-697","news","type-news","status-publish","hentry","newscat-advert","newscat-event","newscat-homepage","newscat-press","newscat-lastnews"],"_links":{"self":[{"href":"https:\/\/www.futbolclubs.es\/cdjorgejuan\/wp-json\/wp\/v2\/api-news\/697","targetHints":{"allow":["GET"]}}],"collection":[{"href":"https:\/\/www.futbolclubs.es\/cdjorgejuan\/wp-json\/wp\/v2\/api-news"}],"about":[{"href":"https:\/\/www.futbolclubs.es\/cdjorgejuan\/wp-json\/wp\/v2\/types\/news"}],"wp:attachment":[{"href":"https:\/\/www.futbolclubs.es\/cdjorgejuan\/wp-json\/wp\/v2\/media?parent=697"}],"curies":[{"name":"wp","href":"https:\/\/api.w.org\/{rel}","templated":true}]}}