{"id":215,"date":"2018-05-22T10:58:38","date_gmt":"2018-05-22T08:58:38","guid":{"rendered":"https:\/\/www.futbolclubs.es\/ecijacf\/?post_type=news&#038;p=215"},"modified":"2018-05-22T10:58:38","modified_gmt":"2018-05-22T08:58:38","slug":"convocatoria-33","status":"publish","type":"news","link":"https:\/\/www.futbolclubs.es\/ecijacf\/news\/convocatoria-33\/","title":{"rendered":"CONVOCATORIA"},"content":{"rendered":"<p>Antonio Jos\u00e9 Pedraza convoca a 18 jugadores para la\u00a0trig\u00e9sima\u00a0cuarta jornada\u00a0en Segunda Divisi\u00f3n Andaluza S\u00e9nior.<\/p>\n<p>El\u00a0viernes a las 21.30 horas, el equipo celeste visitar\u00e1 el Mariano Pulido de Marchena, para ello el t\u00e9cnico astigitano convoca a 18 jugadores:<\/p>\n<p><i>Lista de convocados: David Albea, Eloy, Fran Turco, Kiki, Javi, Jos\u00e9 Mar\u00eda Copete, Jes\u00fas Copete, Villa, V\u00e1zquez, Jos\u00e9 Manuel, Julio Alberto, Borrueco, Dani Rodr\u00edguez, Adri\u00e1n (juvenil), Flores (juvenil), Jes\u00fas (juvenil), Sequera (juvenil) y Atanet (juvenil).<\/i><\/p>\n","protected":false},"excerpt":{"rendered":"<p>Antonio Jos\u00e9 Pedraza convoca a 18 jugadores para la\u00a0trig\u00e9sima\u00a0cuarta jornada\u00a0en Segunda Divisi\u00f3n Andaluza S\u00e9nior. El\u00a0viernes a las 21.30 horas, el equipo celeste visitar\u00e1 el Mariano Pulido de Marchena, para ello el t\u00e9cnico astigitano convoca a 18 jugadores: Lista de convocados: David Albea, Eloy, Fran Turco, Kiki, Javi, Jos\u00e9 Mar\u00eda Copete, Jes\u00fas Copete, Villa, V\u00e1zquez, Jos\u00e9 [&hellip;]<\/p>\n","protected":false},"template":"","class_list":["post-215","news","type-news","status-publish","hentry","newscat-homepage","newscat-lastnews"],"_links":{"self":[{"href":"https:\/\/www.futbolclubs.es\/ecijacf\/wp-json\/wp\/v2\/api-news\/215","targetHints":{"allow":["GET"]}}],"collection":[{"href":"https:\/\/www.futbolclubs.es\/ecijacf\/wp-json\/wp\/v2\/api-news"}],"about":[{"href":"https:\/\/www.futbolclubs.es\/ecijacf\/wp-json\/wp\/v2\/types\/news"}],"wp:attachment":[{"href":"https:\/\/www.futbolclubs.es\/ecijacf\/wp-json\/wp\/v2\/media?parent=215"}],"curies":[{"name":"wp","href":"https:\/\/api.w.org\/{rel}","templated":true}]}}