{"id":300,"date":"2023-11-27T12:07:35","date_gmt":"2023-11-27T10:07:35","guid":{"rendered":"https:\/\/www.futbolclubs.es\/ecijacf\/?post_type=news&#038;p=300"},"modified":"2023-11-27T12:07:35","modified_gmt":"2023-11-27T10:07:35","slug":"solidaridad-tarea-de-tods","status":"publish","type":"news","link":"https:\/\/www.futbolclubs.es\/ecijacf\/news\/solidaridad-tarea-de-tods\/","title":{"rendered":"SOLIDARIDAD, TAREA DE TOD@S"},"content":{"rendered":"","protected":false},"excerpt":{"rendered":"<p>Estimados padres y madres, como sab\u00e9is como todos los a\u00f1os al acercarse las fechas navide\u00f1as,ponemos en marcha una campa\u00f1a solidaria de recogida de alimentos,que este a\u00f1o ampliamos a juguetes y ropa. Somos consciente de que a pesar de vivir en el primer mundo,muchas familias no llegan a fin de mes y algunas tienen serios problemas para cubrir una faceta tan simple como es la alimentaci\u00f3n familiar. Es por ello por lo que me dirijo a vosotros para que en la medida de vuestras posibilidades colabor\u00e9is con dicha campa\u00f1a. Se que muchos ya lo hac\u00e9is pero este a\u00f1o me alegrar\u00eda que colaboremos m\u00e1s que nunca. Si somos capaces con nuestra ayuda que un solo ni\u00f1o sonr\u00eda, lo que donemos habr\u00e1 merecido la pena largamente. Gracias de antemano y un saludo celeste a todos.<br \/>\nFernando Gajete Martin<br \/>\nPresidente<br \/>\nPD las donaciones las recogemos en las oficinas del club hasta el d\u00eda 14 de diciembre, d\u00eda que organizamos los partidos de padres\/ hijos y cuerpos t\u00e9cnicos<\/p>\n","protected":false},"template":"","class_list":["post-300","news","type-news","status-publish","hentry","newscat-homepage"],"_links":{"self":[{"href":"https:\/\/www.futbolclubs.es\/ecijacf\/wp-json\/wp\/v2\/api-news\/300","targetHints":{"allow":["GET"]}}],"collection":[{"href":"https:\/\/www.futbolclubs.es\/ecijacf\/wp-json\/wp\/v2\/api-news"}],"about":[{"href":"https:\/\/www.futbolclubs.es\/ecijacf\/wp-json\/wp\/v2\/types\/news"}],"wp:attachment":[{"href":"https:\/\/www.futbolclubs.es\/ecijacf\/wp-json\/wp\/v2\/media?parent=300"}],"curies":[{"name":"wp","href":"https:\/\/api.w.org\/{rel}","templated":true}]}}