{"id":1466,"date":"2020-02-10T21:21:19","date_gmt":"2020-02-10T19:21:19","guid":{"rendered":"https:\/\/www.loracf.es\/?post_type=news&#038;p=1466"},"modified":"2020-02-10T21:21:19","modified_gmt":"2020-02-10T19:21:19","slug":"senior-reparto-de-puntos-2-2-entre-el-lora-c-f-y-c-d-mairena","status":"publish","type":"news","link":"https:\/\/www.futbolclubs.es\/loracf\/news\/senior-reparto-de-puntos-2-2-entre-el-lora-c-f-y-c-d-mairena\/","title":{"rendered":"S\u00c9NIOR: Reparto de puntos (2-2) entre el Lora C.F. y C.D. Mairena"},"content":{"rendered":"<p><strong>Lora C.F.-\u00a0<\/strong>Linares, Copete, Ismael, Fran P\u00e9rez, Jes\u00fas, Pablo Bataller, Calder\u00f3n, Reda, Fran Carbonell, Miguelito y Juanjo.\u00a0<strong>Entrenador.-\u00a0<\/strong>Francisco Javier Rodr\u00edguez \u201cChico\u201d.\u00a0<strong>Suplentes.-\u00a0<\/strong>David Nieves, Laguna (ps), Campero, Campos, \u201cChata\u201d, Resumi y David Espa\u00f1a.<\/p>\n<p><strong>C.D. Mairena.-\u00a0<\/strong>Andr\u00e9s, Cardoso, Brachi, Julio, Jaime, Juanan, L\u00f3pez, Edu, Loren, Castro y Javi Jim\u00e9nez.\u00a0<strong>Entrenador.-\u00a0<\/strong>No presenta. Sancionado. Juan Sarri\u00f3n (delegado).\u00a0<strong>Suplentes.-\u00a0<\/strong>Ram\u00f3n, \u201cCucu\u201d (ps), Alberto, Fran, Siaka, Sombri y Burgos.<\/p>\n<p><strong>\u00c1rbitro.-\u00a0<\/strong>Garc\u00eda Fern\u00e1ndez\u00a0 (Sevilla). Mostr\u00f3 tarjeta roja a Ismael del Lora C.F. y al visitante Javi Jim\u00e9nez (ambos capitanes). Tarjetas amarillas para los locales Copete, Jes\u00fas y Pablo Bataller. Por parte visitante Cardoso, Juanan, Edu, Sombri y Burgos.<\/p>\n<p><strong>L\u00edneas.-\u00a0<\/strong>Vela Trujillo y Blanco Ru\u00edz.<\/p>\n<p><strong>Goles.-\u00a0<\/strong>Mnn. 01 (0-1) Cardoso. Min. 14 (1-1) Reda (penalti). Min. 72 (1-2) Loren (penalti). Min. 88 (2-2) Cardoso (propia puerta).<\/p>\n<figure class=\"wp-block-image\"><img decoding=\"async\" class=\"wp-image-33098\" src=\"https:\/\/lorainformacion.com\/wp-content\/uploads\/2020\/02\/PUBLICADA-3-2.jpg\" alt=\"\" \/><figcaption><strong>En una de las ocasiones lore\u00f1as de la segunda parte el bal\u00f3n se estrellaba en el larguero de la porter\u00eda visitante<\/strong><\/figcaption><\/figure>\n<p><strong>Cr\u00f3nica del partido.-\u00a0<\/strong>Encuentro muy disputados por dos equipos de parecido nivel y con un Lora que apret\u00f3 m\u00e1s en la segunda parte, tras un comienzo de partido en el que al minuto de juego encajaba el\u00a0<strong>(0-1)<\/strong>\u00a0tras un lanzamiento de falta que acab\u00f3 rematando\u00a0<strong>Cardoso<\/strong>\u00a0a la derecha de la meta lore\u00f1a. Un minuto antes de cumplirse el primer cuarto de hora se producen una manos en el interior del \u00e1rea blanqui-negra y el penalti, tras tocar el portero lo enviaba Reda al fondo de la meta visitante (1-1) para igualar de este modo el encuentro, que sin m\u00e1s ocasiones clara iba a llegar al descanso con ese uno-uno ya consabido.<\/p>\n<p>En la segunda parte son los locales los que atacaban m\u00e1s, con un Reda r\u00e1pido y derribado en algunas acciones, sin embargo el segundo tanto ser\u00e1 para el Mairena\u00a0\u00a0\u00a0 \u00a0<strong>(1-2)<\/strong>\u00a0tambi\u00e9n de penalti transformado por\u00a0<strong>Loren<\/strong>\u00a0tras el derribo de Jes\u00fas a un jugador visitante. Tuvo el Lora llegadas y ocasiones para haber marcado, una de esas ocasiones varios disparos consecutivos en varios rechaces, un bal\u00f3n al larguero\u2026y a falta de dos minutos para el tiempo final, llegaba el\u00a0<strong>(2-2)<\/strong>\u00a0tras un saque de esquina que\u00a0<strong>Cardoso\u00a0<\/strong>introduce en propia puerta.<\/p>\n","protected":false},"excerpt":{"rendered":"<p>Primera Andaluza. Grupo Sevilla. Jornada 22\u00aa \/ 09-Febrero-2020 \/ Domingo.<\/p>\n","protected":false},"template":"","class_list":["post-1466","news","type-news","status-publish","hentry","newscat-homepage","newscat-lastnews"],"_links":{"self":[{"href":"https:\/\/www.futbolclubs.es\/loracf\/wp-json\/wp\/v2\/api-news\/1466","targetHints":{"allow":["GET"]}}],"collection":[{"href":"https:\/\/www.futbolclubs.es\/loracf\/wp-json\/wp\/v2\/api-news"}],"about":[{"href":"https:\/\/www.futbolclubs.es\/loracf\/wp-json\/wp\/v2\/types\/news"}],"wp:attachment":[{"href":"https:\/\/www.futbolclubs.es\/loracf\/wp-json\/wp\/v2\/media?parent=1466"}],"curies":[{"name":"wp","href":"https:\/\/api.w.org\/{rel}","templated":true}]}}