{"id":454,"date":"2018-09-08T13:37:06","date_gmt":"2018-09-08T11:37:06","guid":{"rendered":"https:\/\/www.futbolclubs.es\/loracf\/?post_type=news&#038;p=454"},"modified":"2018-09-08T13:37:31","modified_gmt":"2018-09-08T11:37:31","slug":"kisko-nacho-milla-israel-y-gonzalo-novedades-del-lora-c-f-para-el-partido-del-domingo","status":"publish","type":"news","link":"https:\/\/www.futbolclubs.es\/loracf\/news\/kisko-nacho-milla-israel-y-gonzalo-novedades-del-lora-c-f-para-el-partido-del-domingo\/","title":{"rendered":"Kisko, Nacho Milla, Israel y Gonzalo, novedades del Lora C.F. para el partido del domingo"},"content":{"rendered":"<p>Segunda semana de entrenamiento tras el comienzo de liga y novedades en la lista de convocados para el encuentro del domingo en el campo \u201cNuestra Se\u00f1ora de Setefilla\u201d a partir de las 8\u00b400 de la tarde frente al Villafranco C.F. Se quedan fueran con respecto a la primera convocatoria por diferentes motivos, laborales, lesionados o indispuestos Ismael, Campero y Migue, entrando por primera vez, Nacho Milla, Israel, Kisko y Gonz\u00e1lo, por lo que en esta ocasi\u00f3n el t\u00e9cnico lore\u00f1o ha podido citar a 18 jugadores:\u00a0<strong>\u00c1lvaro Morales y Javi V\u00e1zquez, Javi Guerra, Javi Moreno, \u201cPiti\u201d, \u201cChapi\u201d, V\u00edctor, Fran Carbonell, Santi, Adri Tubio, Gonz\u00e1lo, Fran D\u00edaz, Pablo Garc\u00eda, Nacho Milla, Israel, Israel, \u201cChino\u201d y Coca.\u00a0<\/strong><\/p>\n<p>Esta convocatoria la daba a conocer el t\u00e9cnico Jos\u00e9 Romero nada m\u00e1s finalizar el \u00faltimo entrenamiento de la semana que en esta ocasi\u00f3n se llev\u00f3 a cabo en el campo de f\u00fatbol de Pe\u00f1aflor.\u00a0 \u00a0El colegiado designado para dirigir este encuentro ser\u00e1 el sevillano N\u00fa\u00f1ez Torres que tendr\u00e1 como compa\u00f1eros en las bandas a S\u00e1nchez Rodr\u00edguez y Reguera Guti\u00e9rrez. Partido sin duda interesante e importante tambi\u00e9n a la vez, ya que el equipo ha trabajado a lo largo de toda la semana para sacar los tres puntos en juegos y borrar cuanto antes la imagen del encuentro anterior del inicio liguero en Tomares.<\/p>\n","protected":false},"excerpt":{"rendered":"<p>Se quedan fuera con respecto al partido anterior por motivos diferentes, Ismael, Campero, y Migue.<\/p>\n","protected":false},"template":"","class_list":["post-454","news","type-news","status-publish","hentry","newscat-homepage"],"_links":{"self":[{"href":"https:\/\/www.futbolclubs.es\/loracf\/wp-json\/wp\/v2\/api-news\/454","targetHints":{"allow":["GET"]}}],"collection":[{"href":"https:\/\/www.futbolclubs.es\/loracf\/wp-json\/wp\/v2\/api-news"}],"about":[{"href":"https:\/\/www.futbolclubs.es\/loracf\/wp-json\/wp\/v2\/types\/news"}],"wp:attachment":[{"href":"https:\/\/www.futbolclubs.es\/loracf\/wp-json\/wp\/v2\/media?parent=454"}],"curies":[{"name":"wp","href":"https:\/\/api.w.org\/{rel}","templated":true}]}}