{"id":171,"date":"2016-11-21T17:35:32","date_gmt":"2016-11-21T15:35:32","guid":{"rendered":"https:\/\/www.futbolclubs.es\/scchelsea\/?post_type=news&#038;p=171"},"modified":"2016-11-23T17:36:46","modified_gmt":"2016-11-23T15:36:46","slug":"nainggolan-podria-salir-de-la-roma-chelsea","status":"publish","type":"news","link":"https:\/\/www.futbolclubs.es\/scchelsea\/news\/nainggolan-podria-salir-de-la-roma-chelsea\/","title":{"rendered":"Nainggolan podr\u00eda salir de la Roma: \u00bfChelsea?"},"content":{"rendered":"<p>Radja\u00a0Nainggolan dio\u00a0el \u201cno\u201d al\u00a0Chelsea FC\u00a0para seguir en la\u00a0AS Roma hace tan s\u00f3lo un par de meses.\u00a0En ese momento,\u00a0en el que Antonio\u00a0Conte\u00a0pidi\u00f3 el fichaje del centrocampista belga, el futbolista tom\u00f3 la decisi\u00f3n de permanecer en Italia. Sin embargo, todo podr\u00eda haber cambiado.<\/p>\n<p>Nainggolan,\u00a0de 28 a\u00f1os, ha disputado una buena Eurocopa 2016 con la Selecci\u00f3n de B\u00e9lgica y su contrato acaba en 2020. En el medio, debido a las ofertas por su pase, decidi\u00f3 renegociar su contrato con la Roma. Ahora\u00a0esto, que parec\u00eda un tr\u00e1mite de su club para asegur\u00e1rselo por m\u00e1s tiempo, se trab\u00f3 y el final podr\u00eda ser distinto.<\/p>\n<p>Nainggolan est\u00e1 pensando en escuchar nuevamente a los clubes que se interesen por \u00e9l y tanto el Chelsea como el Manchester United estar\u00edan en la mira. \u00bfSe va?<\/p>\n<p>Fuente:\u00a0<a href=\"https:\/\/www.pasionfutbol.com\/noticias\/Nainggolan-podria-salir-de-la-Roma-Chelsea-20161122-0007.html\">https:\/\/www.pasionfutbol.com\/noticias\/Nainggolan-podria-salir-de-la-Roma-Chelsea-20161122-0007.html<\/a><\/p>\n","protected":false},"excerpt":{"rendered":"<p>Radja\u00a0Nainggolan dio\u00a0el \u201cno\u201d al\u00a0Chelsea FC\u00a0para seguir en la\u00a0AS Roma hace tan s\u00f3lo un par de meses.\u00a0En ese momento,\u00a0en el que Antonio\u00a0Conte\u00a0pidi\u00f3 el fichaje del centrocampista belga, el futbolista tom\u00f3 la decisi\u00f3n de permanecer en Italia. Sin embargo, todo podr\u00eda haber cambiado. Nainggolan,\u00a0de 28 a\u00f1os, ha disputado una buena Eurocopa 2016 con la Selecci\u00f3n de B\u00e9lgica [&hellip;]<\/p>\n","protected":false},"template":"","tags":[],"class_list":["post-171","news","type-news","status-publish","hentry","newscat-advert","newscat-lastnews","newscat-homepage"],"_links":{"self":[{"href":"https:\/\/www.futbolclubs.es\/scchelsea\/wp-json\/wp\/v2\/api-news\/171","targetHints":{"allow":["GET"]}}],"collection":[{"href":"https:\/\/www.futbolclubs.es\/scchelsea\/wp-json\/wp\/v2\/api-news"}],"about":[{"href":"https:\/\/www.futbolclubs.es\/scchelsea\/wp-json\/wp\/v2\/types\/news"}],"wp:attachment":[{"href":"https:\/\/www.futbolclubs.es\/scchelsea\/wp-json\/wp\/v2\/media?parent=171"}],"wp:term":[{"taxonomy":"post_tag","embeddable":true,"href":"https:\/\/www.futbolclubs.es\/scchelsea\/wp-json\/wp\/v2\/tags?post=171"}],"curies":[{"name":"wp","href":"https:\/\/api.w.org\/{rel}","templated":true}]}}