{"id":182,"date":"2016-11-22T21:31:45","date_gmt":"2016-11-22T19:31:45","guid":{"rendered":"https:\/\/www.futbolclubs.es\/scchelsea\/?post_type=news&#038;p=182"},"modified":"2016-12-07T12:10:34","modified_gmt":"2016-12-07T10:10:34","slug":"en-marcha-la-ofensiva-por-milan-badelj","status":"publish","type":"news","link":"https:\/\/www.futbolclubs.es\/scchelsea\/news\/en-marcha-la-ofensiva-por-milan-badelj\/","title":{"rendered":"En marcha la ofensiva por Milan Badelj"},"content":{"rendered":"<p>Desde que Antonio Conte se hizo con las riendas del <strong>Chelsea<\/strong>, los medios que siguen la actualidad del cuadro londinense se empe\u00f1an en calificar al centrocampista croata <strong>Milan Badelj<\/strong> (27 a\u00f1os) como uno de los grande anhelos del preparador transalpino.<\/p>\n<p>Pues bien, seg\u00fan recoge <i>CalcioMercato.it<\/i>, es ahora, con el mercado invernal a la vuelta de la esquina, cuando los <i>blues <\/i>han comenzado a dar pasos verdaderamente significativos para hacerse con sus servicios. De hecho, se prev\u00e9 que un breve espacio de tiempo, la directiva inglesa le haga llegar a su club, la <strong>Fiorentina<\/strong>, una oferta oficial para hacerse con sus servicios.<\/p>\n<p>Aunque se desconoce el montante, la misma fuente a\u00f1ade que la entidad viola recibir\u00e1 con sumo agrado la propuesta, ya que creen que con el dinero recibido podr\u00e1n acudir inmediatamente despu\u00e9s al mercado en busca de nuevos refuerzos.<\/p>\n<p>Pero los de <i>Stamford Bridge<\/i> no son los \u00fanicos que se han interesado por el futbolista. Al parecer, el <strong>Inter de Mil\u00e1n<\/strong> tambi\u00e9n estar\u00eda decidido a lanzar sus redes sobre este mediocentro tras pasar por Lokomotiva, Dinamo Zagreb y Hamburgo ha logrado alcanzar su madurez profesional en el Artemio Franchi (acumula 58 partidos de <i>Serie A<\/i> y 3 goles).<\/p>\n<p>Fuente:\u00a0<a href=\"http:\/\/www.fichajes.com\/premier-league\/chelsea-en-marcha-la-ofensiva-por-milan-badelj_112210\">http:\/\/www.fichajes.com\/premier-league\/chelsea-en-marcha-la-ofensiva-por-milan-badelj_112210<\/a><\/p>\n","protected":false},"excerpt":{"rendered":"<p>Desde que Antonio Conte se hizo con las riendas del Chelsea, los medios que siguen la actualidad del cuadro londinense se empe\u00f1an en calificar al centrocampista croata Milan Badelj (27 a\u00f1os) como uno de los grande anhelos del preparador transalpino. Pues bien, seg\u00fan recoge CalcioMercato.it, es ahora, con el mercado invernal a la vuelta de [&hellip;]<\/p>\n","protected":false},"template":"","tags":[],"class_list":["post-182","news","type-news","status-publish","hentry","newscat-advert","newscat-lastnews","newscat-homepage"],"_links":{"self":[{"href":"https:\/\/www.futbolclubs.es\/scchelsea\/wp-json\/wp\/v2\/api-news\/182","targetHints":{"allow":["GET"]}}],"collection":[{"href":"https:\/\/www.futbolclubs.es\/scchelsea\/wp-json\/wp\/v2\/api-news"}],"about":[{"href":"https:\/\/www.futbolclubs.es\/scchelsea\/wp-json\/wp\/v2\/types\/news"}],"wp:attachment":[{"href":"https:\/\/www.futbolclubs.es\/scchelsea\/wp-json\/wp\/v2\/media?parent=182"}],"wp:term":[{"taxonomy":"post_tag","embeddable":true,"href":"https:\/\/www.futbolclubs.es\/scchelsea\/wp-json\/wp\/v2\/tags?post=182"}],"curies":[{"name":"wp","href":"https:\/\/api.w.org\/{rel}","templated":true}]}}