{"id":121,"date":"2017-08-30T11:57:19","date_gmt":"2017-08-30T09:57:19","guid":{"rendered":"https:\/\/www.futbolclubs.es\/udelespinarsanrafael\/?post_type=news&#038;p=121"},"modified":"2017-10-25T11:42:52","modified_gmt":"2017-10-25T09:42:52","slug":"calendarios-de-las-competiciones-para-la-temporada-2017-2018","status":"publish","type":"news","link":"https:\/\/www.futbolclubs.es\/udelespinarsanrafael\/news\/calendarios-de-las-competiciones-para-la-temporada-2017-2018\/","title":{"rendered":"Calendarios de las competiciones para la temporada 2017-2018"},"content":{"rendered":"<p style=\"text-align: justify\">La Federaci\u00f3n de Castilla y Le\u00f3n ha publicado en su web los calendarios de las distintas competiciones por lo que, de cara al inicio de la pretemporada, ya conocemos las fechas en las que nuestros equipos comenzar\u00e1n su participaci\u00f3n en liga as\u00ed como los rivales a los que tendr\u00e1n que enfrentarse. Estas ser\u00edan las fechas de inicio y los enlaces a las competiciones correspondientes a nuestros equipos:<\/p>\n<p style=\"text-align: justify\"><strong>Juvenil<\/strong>: comienza la temporada el d\u00eda 22 de octubre<\/p>\n<p style=\"text-align: justify\"><a href=\"http:\/\/fcylf.es\/fenix\/info_drupal.php?temporada=31&amp;competicion=155026&amp;fase=155129&amp;grupo=159384%20-%20calendario\"><u>http:\/\/fcylf.es\/fenix\/info_drupal.php?temporada=31&amp;competicion=155026&amp;fase=155129&amp;grupo=159384%20-%20calendario<\/u><\/a><\/p>\n<p style=\"text-align: justify\">\n<p style=\"text-align: justify\"><strong>Cadete<\/strong>: comienza la temporada el 22 de octubre<\/p>\n<p style=\"text-align: justify\"><a href=\"http:\/\/fcylf.es\/fenix\/info_drupal.php?temporada=31&amp;competicion=155111&amp;fase=155214&amp;grupo=159381#calendario\"><u>http:\/\/fcylf.es\/fenix\/info_drupal.php?temporada=31&amp;competicion=155111&amp;fase=155214&amp;grupo=159381#calendario<\/u><\/a><\/p>\n<p style=\"text-align: justify\">\n<p style=\"text-align: justify\"><strong>Infantil<\/strong>: comienza la temporada el d\u00eda 8 de octubre<\/p>\n<p style=\"text-align: justify\"><a href=\"http:\/\/fcylf.es\/fenix\/info_drupal.php?temporada=31&amp;competicion=155022&amp;fase=155125&amp;grupo=159548#calendario\"><u>http:\/\/fcylf.es\/fenix\/info_drupal.php?temporada=31&amp;competicion=155022&amp;fase=155125&amp;grupo=159548#calendario<\/u><\/a><\/p>\n<p style=\"text-align: justify\">\n<p style=\"text-align: justify\"><strong>Alev\u00edn<\/strong> <strong>A<\/strong>: comienza la temporada el d\u00eda 24 de septiembre<\/p>\n<p style=\"text-align: justify\"><a href=\"http:\/\/fcylf.es\/fenix\/info_drupal.php?temporada=31&amp;competicion=154659&amp;fase=154762&amp;grupo=159488#calendario\"><u>http:\/\/fcylf.es\/fenix\/info_drupal.php?temporada=31&amp;competicion=154659&amp;fase=154762&amp;grupo=159488#calendario<\/u><\/a><\/p>\n<p style=\"text-align: justify\">\n<p style=\"text-align: justify\"><strong>Alevin B<\/strong>: comienza la temporada el d\u00eda 8 de octubre<\/p>\n<p style=\"text-align: justify\"><a href=\"http:\/\/fcylf.es\/fenix\/info_drupal.php?temporada=31&amp;competicion=154660&amp;fase=154763&amp;grupo=159484#calendario\"><u>http:\/\/fcylf.es\/fenix\/info_drupal.php?temporada=31&amp;competicion=154660&amp;fase=154763&amp;grupo=159484#calendario<\/u><\/a><\/p>\n<p style=\"text-align: justify\">\n<p style=\"text-align: justify\"><strong>Benjam\u00edn<\/strong>: comienza la temporada el d\u00eda 8 de octubre<\/p>\n<p style=\"text-align: justify\"><a href=\"http:\/\/fcylf.es\/fenix\/info_drupal.php?temporada=31&amp;competicion=154654&amp;fase=154757&amp;grupo=159451#calendario\"><u>http:\/\/fcylf.es\/fenix\/info_drupal.php?temporada=31&amp;competicion=154654&amp;fase=154757&amp;grupo=159451#calendario<\/u><\/a><\/p>\n<p>&nbsp;<\/p>\n","protected":false},"excerpt":{"rendered":"<p>La Federaci\u00f3n de Castilla y Le\u00f3n ha publicado en su web los calendarios de las distintas competiciones por lo que, de cara al inicio de la pretemporada, ya conocemos las fechas en las que nuestros equipos comenzar\u00e1n su participaci\u00f3n en liga as\u00ed como los rivales a los que tendr\u00e1n que enfrentarse. Estas ser\u00edan las fechas [&hellip;]<\/p>\n","protected":false},"template":"","class_list":["post-121","news","type-news","status-publish","hentry","newscat-advert","newscat-lastnews"],"_links":{"self":[{"href":"https:\/\/www.futbolclubs.es\/udelespinarsanrafael\/wp-json\/wp\/v2\/api-news\/121","targetHints":{"allow":["GET"]}}],"collection":[{"href":"https:\/\/www.futbolclubs.es\/udelespinarsanrafael\/wp-json\/wp\/v2\/api-news"}],"about":[{"href":"https:\/\/www.futbolclubs.es\/udelespinarsanrafael\/wp-json\/wp\/v2\/types\/news"}],"wp:attachment":[{"href":"https:\/\/www.futbolclubs.es\/udelespinarsanrafael\/wp-json\/wp\/v2\/media?parent=121"}],"curies":[{"name":"wp","href":"https:\/\/api.w.org\/{rel}","templated":true}]}}