{"id":149,"date":"2017-11-13T10:02:56","date_gmt":"2017-11-13T08:02:56","guid":{"rendered":"https:\/\/www.futbolclubs.es\/udelespinarsanrafael\/?post_type=news&#038;p=149"},"modified":"2017-11-20T16:36:58","modified_gmt":"2017-11-20T14:36:58","slug":"resumen-de-la-jornada-dias-11-y-12-de-noviembre","status":"publish","type":"news","link":"https:\/\/www.futbolclubs.es\/udelespinarsanrafael\/news\/resumen-de-la-jornada-dias-11-y-12-de-noviembre\/","title":{"rendered":"Resumen de la jornada (d\u00edas 11 y 12 de noviembre)"},"content":{"rendered":"<p style=\"text-align: justify\">En los partidos correspondientes a la jornada de s\u00e1bado, el equipo <strong>Prebenjam\u00edn<\/strong> obten\u00eda un empate a cuatro goles contra el C.D. Segovia Futsal en un partido igualado en todo momento en cuanto al marcador. Tambi\u00e9n en la ma\u00f1ana de s\u00e1bado, el <strong>Cadete<\/strong> se impondr\u00eda al Claret B por 4-0, con una primera parte que permiti\u00f3 a los nuestros llegar al descanso con el partido encarrilado.<\/p>\n<p style=\"text-align: justify\">El equipo <strong>Aficionado<\/strong> gan\u00f3 su encuentro contra el Racing Lerme\u00f1o, partido en el que la Uni\u00f3n, que se qued\u00f3 con diez en la segunda mitad, supo reponerse a esta circunstancia que dificultaba garantizar, al menos, el empate a uno que reflejaba el marcador en aquel momento. Los goles de \u00d3scar y Jaime sirvieron para establecer una diferencia que los nuestros lograr\u00edan mantener hasta el final del encuentro.<\/p>\n<p style=\"text-align: justify\">En la jornada de domingo, el <strong>Alev\u00edn B<\/strong> ca\u00eda derrotado por 2-9 contra el l\u00edder indiscutible de la competici\u00f3n, la Gimn\u00e1stica Segoviana B. El <strong>Benjam\u00edn<\/strong> consegu\u00eda una nueva victoria por 11-2 contra La Granja, con seis goles de nuestro delantero Dani Belda, pichichi de la competici\u00f3n con 23 goles en estos seis partidos disputados. Ya por la tarde, el equipo <strong>Infantil<\/strong> empataba a cero contra el C.D. Monteresma en un partido disputado y con pocas llegadas a porter\u00eda en el que los nuestros dispondr\u00edan de las dos ocasiones m\u00e1s claras para adelantarse en un marcador que finalmente no sufri\u00f3 variaciones. Despu\u00e9s de este partido, el <strong>Alevin A<\/strong> venc\u00eda por 3-2 al C.D. Monteresma B. Fue un encuentro en el que la Uni\u00f3n monopoliz\u00f3 el juego a pesar de ser el equipo contrario el que se adelantara en el marcador. No obstante, las buenas combinaciones de los nuestros dar\u00edan como resultado las primeras llegadas al \u00e1rea rival y finalmente la remontada, con buenos goles como el de David, logrado con un potente lanzamiento lejano. El Monteresma recortar\u00eda distancias en la \u00faltima jugada del partido.<\/p>\n<p style=\"text-align: justify\">El equipo <strong>Juvenil<\/strong> perdi\u00f3\u00a0 por 2-1 contra el Quintanar B en un partido en el que los locales se fueron al descanso con una ventaja de goles. En la segunda mitad, la Uni\u00f3n recortar\u00eda distancias con un gol de Manu, pero finalmente los nuestros no lograr\u00edan equilibrar el marcador.<\/p>\n","protected":false},"excerpt":{"rendered":"<p>En los partidos correspondientes a la jornada de s\u00e1bado, el equipo Prebenjam\u00edn obten\u00eda un empate a cuatro goles contra el C.D. Segovia Futsal en un partido igualado en todo momento en cuanto al marcador. Tambi\u00e9n en la ma\u00f1ana de s\u00e1bado, el Cadete se impondr\u00eda al Claret B por 4-0, con una primera parte que permiti\u00f3 [&hellip;]<\/p>\n","protected":false},"template":"","class_list":["post-149","news","type-news","status-publish","hentry","newscat-lastnews"],"_links":{"self":[{"href":"https:\/\/www.futbolclubs.es\/udelespinarsanrafael\/wp-json\/wp\/v2\/api-news\/149","targetHints":{"allow":["GET"]}}],"collection":[{"href":"https:\/\/www.futbolclubs.es\/udelespinarsanrafael\/wp-json\/wp\/v2\/api-news"}],"about":[{"href":"https:\/\/www.futbolclubs.es\/udelespinarsanrafael\/wp-json\/wp\/v2\/types\/news"}],"wp:attachment":[{"href":"https:\/\/www.futbolclubs.es\/udelespinarsanrafael\/wp-json\/wp\/v2\/media?parent=149"}],"curies":[{"name":"wp","href":"https:\/\/api.w.org\/{rel}","templated":true}]}}