{"id":305,"date":"2018-08-13T11:12:43","date_gmt":"2018-08-13T09:12:43","guid":{"rendered":"https:\/\/www.futbolclubs.es\/udelespinarsanrafael\/?post_type=news&#038;p=305"},"modified":"2018-09-17T08:16:30","modified_gmt":"2018-09-17T06:16:30","slug":"finalizacion-del-campus-e-inicio-de-la-pretemporada","status":"publish","type":"news","link":"https:\/\/www.futbolclubs.es\/udelespinarsanrafael\/news\/finalizacion-del-campus-e-inicio-de-la-pretemporada\/","title":{"rendered":"Finalizaci\u00f3n del Campus e inicio de la pretemporada"},"content":{"rendered":"<p>El pasado viernes finaliz\u00f3 el XI Campus de F\u00fatbol de la Uni\u00f3n, en el que hemos contado con la participaci\u00f3n de 44 alumnos, que a lo largo de todo este tiempo han podido disfrutar de tardes de f\u00fatbol en el campo de Los Llanos. Queremos agradecer a los padres la confianza depositada en nuestro club, as\u00ed como a los monitores que han desarrollado el Campus, por el gran trabajo realizado con este grupo de ni\u00f1@s.<\/p>\n<p style=\"text-align: center\"><strong>Inicio de la pretemporada<\/strong><\/p>\n<p>El equipo aficionado, este a\u00f1o dirigido por el entrenador Diego Yepes, comenz\u00f3 la pretemporada la semana pasada. En algunas de las sesiones se incorporaron jugadores del equipo juvenil, que este a\u00f1o tiene un importante reto al disputar sus partidos en la categor\u00eda regional, iniciando los entrenamientos esta semana.<\/p>\n<p>Pr\u00f3ximamente, el resto de categor\u00edas iniciar\u00e1n la pretemporada, con el fin de empezar a poner a punto nuestros equipos de cara al comienzo de liga.<\/p>\n<p>A falta de conocer los calendarios de lal ligas provinciales, ya est\u00e1n disponibles los de la categor\u00eda regional. El equipo Aficionado comenzar\u00e1 la liga el d\u00eda 9 de septiembre, contra el Venta de Ba\u00f1os. Por su parte, el equipo Juvenil inicia la competici\u00f3n el d\u00eda 16 de septiembre contra el C.D. La Salle.<\/p>\n<p><img loading=\"lazy\" decoding=\"async\" class=\"size-medium wp-image-307 aligncenter\" src=\"https:\/\/www.futbolclubs.es\/udelespinarsanrafael\/wp-content\/uploads\/sites\/27\/2018\/08\/dep2-2-696x392-300x169.jpg\" alt=\"\" width=\"300\" height=\"169\" srcset=\"https:\/\/www.futbolclubs.es\/udelespinarsanrafael\/wp-content\/uploads\/sites\/27\/2018\/08\/dep2-2-696x392-300x168.jpg 300w, https:\/\/www.futbolclubs.es\/udelespinarsanrafael\/wp-content\/uploads\/sites\/27\/2018\/08\/dep2-2-696x392-630x354.jpg 630w, https:\/\/www.futbolclubs.es\/udelespinarsanrafael\/wp-content\/uploads\/sites\/27\/2018\/08\/dep2-2-696x392-150x84.jpg 150w, https:\/\/www.futbolclubs.es\/udelespinarsanrafael\/wp-content\/uploads\/sites\/27\/2018\/08\/dep2-2-696x392.jpg 696w\" sizes=\"auto, (max-width: 300px) 100vw, 300px\" \/><\/p>\n","protected":false},"excerpt":{"rendered":"<p>El pasado viernes finaliz\u00f3 el XI Campus de F\u00fatbol de la Uni\u00f3n, en el que hemos contado con la participaci\u00f3n de 44 alumnos, que a lo largo de todo este tiempo han podido disfrutar de tardes de f\u00fatbol en el campo de Los Llanos. Queremos agradecer a los padres la confianza depositada en nuestro club, [&hellip;]<\/p>\n","protected":false},"template":"","class_list":["post-305","news","type-news","status-publish","hentry","newscat-lastnews"],"_links":{"self":[{"href":"https:\/\/www.futbolclubs.es\/udelespinarsanrafael\/wp-json\/wp\/v2\/api-news\/305","targetHints":{"allow":["GET"]}}],"collection":[{"href":"https:\/\/www.futbolclubs.es\/udelespinarsanrafael\/wp-json\/wp\/v2\/api-news"}],"about":[{"href":"https:\/\/www.futbolclubs.es\/udelespinarsanrafael\/wp-json\/wp\/v2\/types\/news"}],"wp:attachment":[{"href":"https:\/\/www.futbolclubs.es\/udelespinarsanrafael\/wp-json\/wp\/v2\/media?parent=305"}],"curies":[{"name":"wp","href":"https:\/\/api.w.org\/{rel}","templated":true}]}}