{"id":1171,"date":"2018-09-22T18:51:32","date_gmt":"2018-09-22T16:51:32","guid":{"rendered":"https:\/\/www.futbolclubs.es\/udtelde\/?post_type=news&#038;p=1171"},"modified":"2018-09-28T10:29:56","modified_gmt":"2018-09-28T08:29:56","slug":"gran-puesta-de-largo-de-la-ud-telde-femenino","status":"publish","type":"news","link":"https:\/\/www.futbolclubs.es\/udtelde\/news\/gran-puesta-de-largo-de-la-ud-telde-femenino\/","title":{"rendered":"Gran puesta de largo de la UD Telde femenino"},"content":{"rendered":"","protected":false},"excerpt":{"rendered":"<p>Gran puesta de largo de la UD Telde femenino. &#8216;Una ilusi\u00f3n para el f\u00fatbol femenino en Teles y el primer equipo femenino de la entidad en sus 53 a\u00f1os de historia.&#8217;<\/p>\n<p>Teldediario.-<\/p>\n<p>Telediario.-<\/p>\n<p>Telde.-<\/p>\n<p>En ocasiones tas especiales como esta el resultado es lo de menos,lo importante es el \u00abvaliente\u00bb pas\u00f3 que la Directiva de la UD Telde ha dado con su nueva secci\u00f3n femenina de f\u00fatbol. Una hermosa presentaci\u00f3n frente al Uni\u00f3n Viera al que se hizo entrega de un recuerdo conmemorativo de tan importante hecho. Un partido amistoso muy disputado que finaliz\u00f3 Con un 0 &#8211; 5 a favor de los visitantes. Enhorabuena a todo el equipo directivo . \u00a1FELICIDADES!<\/p>\n","protected":false},"template":"","class_list":["post-1171","news","type-news","status-publish","hentry","newscat-press"],"_links":{"self":[{"href":"https:\/\/www.futbolclubs.es\/udtelde\/wp-json\/wp\/v2\/api-news\/1171","targetHints":{"allow":["GET"]}}],"collection":[{"href":"https:\/\/www.futbolclubs.es\/udtelde\/wp-json\/wp\/v2\/api-news"}],"about":[{"href":"https:\/\/www.futbolclubs.es\/udtelde\/wp-json\/wp\/v2\/types\/news"}],"wp:attachment":[{"href":"https:\/\/www.futbolclubs.es\/udtelde\/wp-json\/wp\/v2\/media?parent=1171"}],"curies":[{"name":"wp","href":"https:\/\/api.w.org\/{rel}","templated":true}]}}