{"id":1527,"date":"2018-10-08T15:19:41","date_gmt":"2018-10-08T13:19:41","guid":{"rendered":"https:\/\/www.futbolclubs.es\/udtelde\/?post_type=news&#038;p=1527"},"modified":"2018-10-11T16:48:46","modified_gmt":"2018-10-11T14:48:46","slug":"la-ud-telde-agradecida-a-la-colaboracion-de-ud-las-palmas","status":"publish","type":"news","link":"https:\/\/www.futbolclubs.es\/udtelde\/news\/la-ud-telde-agradecida-a-la-colaboracion-de-ud-las-palmas\/","title":{"rendered":"La UD Telde, agradecida a la colaboraci\u00f3n de UD Las Palmas"},"content":{"rendered":"<p>Tinta Amarilla.es<\/p>\n","protected":false},"excerpt":{"rendered":"<p>La UD Telde nos env\u00eda una nota de agradecimiento a la colaboraci\u00f3n encontrada con la UD Las Palmas para poder utilizar las instalaciones anexas al Pablo Hern\u00e1ndez, actualmente en uso por el equipo profesional amarillo para sus entrenamientos.<\/p>\n<p>La inhabilitaci\u00f3n del Pablo Hern\u00e1ndez para los partidos nocturnos \u00abpor falta de iluminaci\u00f3n\u00bb origin\u00f3 esta colaboraci\u00f3n entre las dos entidades tantos a\u00f1os relacionadas.<\/p>\n<p>El Telde jug\u00f3 el s\u00e1bado frente al Futboltech en el c\u00e9sped natural de las instalaciones auxiliares, con victoria 3-1 para los locales.<\/p>\n<p>El Telde ha alcanzado un preacuerdo con la UD Las Palmas para suscribir un convenio de colaboraci\u00f3n, como ya han hecho otros clubes.<\/p>\n","protected":false},"template":"","class_list":["post-1527","news","type-news","status-publish","hentry","newscat-press"],"_links":{"self":[{"href":"https:\/\/www.futbolclubs.es\/udtelde\/wp-json\/wp\/v2\/api-news\/1527","targetHints":{"allow":["GET"]}}],"collection":[{"href":"https:\/\/www.futbolclubs.es\/udtelde\/wp-json\/wp\/v2\/api-news"}],"about":[{"href":"https:\/\/www.futbolclubs.es\/udtelde\/wp-json\/wp\/v2\/types\/news"}],"wp:attachment":[{"href":"https:\/\/www.futbolclubs.es\/udtelde\/wp-json\/wp\/v2\/media?parent=1527"}],"curies":[{"name":"wp","href":"https:\/\/api.w.org\/{rel}","templated":true}]}}