{"id":2753,"date":"2018-11-22T16:56:15","date_gmt":"2018-11-22T14:56:15","guid":{"rendered":"https:\/\/www.futbolclubs.es\/udtelde\/?post_type=news&#038;p=2753"},"modified":"2018-11-26T01:12:07","modified_gmt":"2018-11-25T23:12:07","slug":"regalo-de-navidad-%f0%9f%98%8d%f0%9f%98%8d","status":"publish","type":"news","link":"https:\/\/www.futbolclubs.es\/udtelde\/news\/regalo-de-navidad-%f0%9f%98%8d%f0%9f%98%8d\/","title":{"rendered":"REGALO DE NAVIDAD?? ??"},"content":{"rendered":"","protected":false},"excerpt":{"rendered":"<p>TELDEACTUALIDAD<br \/>\nTelde.- El Estadio Municipal Pablo Hern\u00e1ndez Morales se someter\u00e1 pr\u00f3ximamente a una reforma. El Ayuntamiento de Telde ha captado 540.290,78 euros del Cabildo de Gran Canaria para remozar el campo de f\u00fatbol de El Hornillo.<br \/>\nEl proyecto, que este mi\u00e9rcoles se aprob\u00f3 por urgencia en Junta de Gobierno del que el Ejecutivo local a\u00fan no ha querido desvelar muchos detalles, se sufragar\u00e1 con fondos que proceden de la Consejer\u00eda de Presidencia el Cabildo y del Instituto Insular de Deportes.<br \/>\nY consistir\u00e1 en la sustituci\u00f3n de c\u00e9sped artificial y arreglo del vallado, entre otras actuaciones que se presentar\u00e1n pr\u00f3ximamente en una rueda de prensa.<br \/>\nCasi 30.000 euros para el terrero de Las Huesas<br \/>\nPor otro lado, en la sesi\u00f3n de la Junta de Gobierno Local de este mi\u00e9rcoles tambi\u00e9n se dio el visto bueno, por la v\u00eda de urgencia, a otro proyecto de \u00e1mbito deportivo.<br \/>\nEste para arreglar los problemas de humedades y en sus vestuarios que arrastra el terrero municipal Amado D\u00edaz Guill\u00e9n de Las Huesas.<\/p>\n","protected":false},"template":"","class_list":["post-2753","news","type-news","status-publish","hentry","newscat-press"],"_links":{"self":[{"href":"https:\/\/www.futbolclubs.es\/udtelde\/wp-json\/wp\/v2\/api-news\/2753","targetHints":{"allow":["GET"]}}],"collection":[{"href":"https:\/\/www.futbolclubs.es\/udtelde\/wp-json\/wp\/v2\/api-news"}],"about":[{"href":"https:\/\/www.futbolclubs.es\/udtelde\/wp-json\/wp\/v2\/types\/news"}],"wp:attachment":[{"href":"https:\/\/www.futbolclubs.es\/udtelde\/wp-json\/wp\/v2\/media?parent=2753"}],"curies":[{"name":"wp","href":"https:\/\/api.w.org\/{rel}","templated":true}]}}