{"id":3734,"date":"2019-01-22T15:51:31","date_gmt":"2019-01-22T13:51:31","guid":{"rendered":"https:\/\/www.futbolclubs.es\/udtelde\/?post_type=news&#038;p=3734"},"modified":"2019-01-23T17:05:42","modified_gmt":"2019-01-23T15:05:42","slug":"deportes-continuara-con-la-rehabilitacion-y-mejora-de-los-campos-de-futbol-del-municipio","status":"publish","type":"news","link":"https:\/\/www.futbolclubs.es\/udtelde\/news\/deportes-continuara-con-la-rehabilitacion-y-mejora-de-los-campos-de-futbol-del-municipio\/","title":{"rendered":"Deportes Continuar\u00e1 Con La Rehabilitaci\u00f3n Y Mejora De Los Campos De F\u00fatbol Del Municipio."},"content":{"rendered":"<p>Teldeporte.com<\/p>\n<p><a href=\"http:\/\/www.teldeporte.com\/deportes-continuara-con-la-rehabilitacion-y-mejora-de-los-campos-de-futbol-del-municipio\/\">http:\/\/www.teldeporte.com\/deportes-continuara-con-la-rehabilitacion-y-mejora-de-los-campos-de-futbol-del-municipio\/<\/a><\/p>\n<p>&nbsp;<\/p>\n","protected":false},"excerpt":{"rendered":"<p>Teldeporte.com http:\/\/www.teldeporte.com\/deportes-continuara-con-la-rehabilitacion-y-mejora-de-los-campos-de-futbol-del-municipio\/ &nbsp;<\/p>\n","protected":false},"template":"","class_list":["post-3734","news","type-news","status-publish","hentry","newscat-press"],"_links":{"self":[{"href":"https:\/\/www.futbolclubs.es\/udtelde\/wp-json\/wp\/v2\/api-news\/3734","targetHints":{"allow":["GET"]}}],"collection":[{"href":"https:\/\/www.futbolclubs.es\/udtelde\/wp-json\/wp\/v2\/api-news"}],"about":[{"href":"https:\/\/www.futbolclubs.es\/udtelde\/wp-json\/wp\/v2\/types\/news"}],"wp:attachment":[{"href":"https:\/\/www.futbolclubs.es\/udtelde\/wp-json\/wp\/v2\/media?parent=3734"}],"curies":[{"name":"wp","href":"https:\/\/api.w.org\/{rel}","templated":true}]}}