{"id":3882,"date":"2019-01-22T10:00:34","date_gmt":"2019-01-22T08:00:34","guid":{"rendered":"https:\/\/www.futbolclubs.es\/udtelde\/?post_type=news&#038;p=3882"},"modified":"2019-01-27T00:54:47","modified_gmt":"2019-01-26T22:54:47","slug":"el-estado-de-los-terrenos-de-juego-de-telde","status":"publish","type":"news","link":"https:\/\/www.futbolclubs.es\/udtelde\/news\/el-estado-de-los-terrenos-de-juego-de-telde\/","title":{"rendered":"El estado de los terrenos de juego de Telde"},"content":{"rendered":"<p>El estado de los terrenos de juego de Telde,de mal en peor.<br \/>\nEl Pablo Hern\u00e1ndez , est\u00e1 tan deteriorado que la Federaci\u00f3n podr\u00eda ordenar su clausura.<br \/>\nTambi\u00e9n en El Calero hay deficiencias y problemas con la luz en otros.<br \/>\nLA PROVINCIA \/ DIARIO DE LAS PALMAS ; Victor Rastrilla , 22\/01\/2019<\/p>\n","protected":false},"excerpt":{"rendered":"<p>El estado de los terrenos de juego de Telde,de mal en peor. El Pablo Hern\u00e1ndez , est\u00e1 tan deteriorado que la Federaci\u00f3n podr\u00eda ordenar su clausura. Tambi\u00e9n en El Calero hay deficiencias y problemas con la luz en otros. LA PROVINCIA \/ DIARIO DE LAS PALMAS ; Victor Rastrilla , 22\/01\/2019<\/p>\n","protected":false},"template":"","class_list":["post-3882","news","type-news","status-publish","hentry","newscat-press"],"_links":{"self":[{"href":"https:\/\/www.futbolclubs.es\/udtelde\/wp-json\/wp\/v2\/api-news\/3882","targetHints":{"allow":["GET"]}}],"collection":[{"href":"https:\/\/www.futbolclubs.es\/udtelde\/wp-json\/wp\/v2\/api-news"}],"about":[{"href":"https:\/\/www.futbolclubs.es\/udtelde\/wp-json\/wp\/v2\/types\/news"}],"wp:attachment":[{"href":"https:\/\/www.futbolclubs.es\/udtelde\/wp-json\/wp\/v2\/media?parent=3882"}],"curies":[{"name":"wp","href":"https:\/\/api.w.org\/{rel}","templated":true}]}}