{"id":1806,"date":"2021-09-26T23:35:49","date_gmt":"2021-09-26T21:35:49","guid":{"rendered":"https:\/\/www.futbolclubs.es\/ujcostaayala\/?post_type=news&#038;p=1806"},"modified":"2021-09-29T23:37:37","modified_gmt":"2021-09-29T21:37:37","slug":"jose-francisco-garcia-se-convierte-en-el-decimotercer-fichaje-para-el-juvenil-de-la-temporada-2021-2022","status":"publish","type":"news","link":"https:\/\/www.futbolclubs.es\/ujcostaayala\/news\/jose-francisco-garcia-se-convierte-en-el-decimotercer-fichaje-para-el-juvenil-de-la-temporada-2021-2022\/","title":{"rendered":"JOS\u00c9 FRANCISCO GARC\u00cdA SE CONVIERTE EN EL DECIMOTERCER FICHAJE PARA EL JUVENIL DE LA TEMPORADA 2021\/2022."},"content":{"rendered":"","protected":false},"excerpt":{"rendered":"<p>\ud83c\udd95\u270d\ud83c\udffb| JOS\u00c9 FRANCISCO GARC\u00cdA SE CONVIERTE EN EL DECIMOTERCER FICHAJE PARA EL JUVENIL DE LA TEMPORADA 2021\/2022.<br \/>\nJos\u00e9 como se le conoce futbol\u00edsticamente, es un delantero, que se caracteriza por su gran velocidad, definici\u00f3n y entrega durante los partidos, caracter\u00edsticas que necesita tener un delantero que quiera aportar goles a su equipo.<br \/>\nCon pasado en nuestro club, parti\u00f3 en su primer a\u00f1o de cadete a probar suerte en otros equipos, e intent\u00f3 regresar al club la pasada campa\u00f1a pero la no salida a competici\u00f3n del juvenil merm\u00f3 su vuelta.<br \/>\n\ud83c\udf99\u201cDesde el primero momento no me lo pens\u00e9, ten\u00eda muchas ganas de volver al Costa despu\u00e9s de lo ocurrido el a\u00f1o pasado, estoy seguro de que este ser\u00e1 un gran a\u00f1o, y espero ayudar mucho al equipo\u00bb<br \/>\n#VAMOSCOSTA\ud83d\udc9b\ud83d\udc99<\/p>\n","protected":false},"template":"","class_list":["post-1806","news","type-news","status-publish","hentry","newscat-homepage","newscat-lastnews"],"_links":{"self":[{"href":"https:\/\/www.futbolclubs.es\/ujcostaayala\/wp-json\/wp\/v2\/api-news\/1806","targetHints":{"allow":["GET"]}}],"collection":[{"href":"https:\/\/www.futbolclubs.es\/ujcostaayala\/wp-json\/wp\/v2\/api-news"}],"about":[{"href":"https:\/\/www.futbolclubs.es\/ujcostaayala\/wp-json\/wp\/v2\/types\/news"}],"wp:attachment":[{"href":"https:\/\/www.futbolclubs.es\/ujcostaayala\/wp-json\/wp\/v2\/media?parent=1806"}],"curies":[{"name":"wp","href":"https:\/\/api.w.org\/{rel}","templated":true}]}}