{"id":100,"date":"2019-07-28T08:36:02","date_gmt":"2019-07-28T06:36:02","guid":{"rendered":"https:\/\/www.futbolclubs.es\/veteranosguada\/?post_type=news&#038;p=100"},"modified":"2019-07-31T15:33:43","modified_gmt":"2019-07-31T13:33:43","slug":"sergio-martin-se-une-a-las-filas-de-los-veteranosguada","status":"publish","type":"news","link":"https:\/\/www.futbolclubs.es\/veteranosguada\/news\/sergio-martin-se-une-a-las-filas-de-los-veteranosguada\/","title":{"rendered":"Sergio Mart\u00edn se une a las filas de los VeteranosGuada"},"content":{"rendered":"<p>Los VeteranosGuada y Sergio Mart\u00edn Arquero (Madrid, 1985) han llegado a un acuerdo para que el jugador madrile\u00f1o defienda la camiseta de los veteranos del C.D. Guadalajara la pr\u00f3xima temporada.<\/p>\n<p>Sergio ha jugado entre otros en equipos como el Rayo Vallecano, Rayo Majadahonda, U.D. Almer\u00eda. Con 35 a\u00f1os viene a los veteranos a aportar juventud y calidad en la l\u00ednea defensiva del equipo.<\/p>\n<p>El nuevo jugador ya disput\u00f3 la pasada temporada el \u00faltimo partido amistoso contra los veteranos del C.D. Sig\u00fcenza.<\/p>\n<p>Bienvenido Sergio!<\/p>\n<p>Twitter: @sergioma85<\/p>\n<p>Instagram:\u00a0@sergioma22<\/p>\n","protected":false},"excerpt":{"rendered":"<p>Los VeteranosGuada y Sergio Mart\u00edn Arquero (Madrid, 1985) han llegado a un acuerdo para que el jugador madrile\u00f1o defienda la camiseta de los veteranos del C.D. Guadalajara la pr\u00f3xima temporada. Sergio ha jugado entre otros en equipos como el Rayo Vallecano, Rayo Majadahonda, U.D. Almer\u00eda. Con 35 a\u00f1os viene a los veteranos a aportar juventud [&hellip;]<\/p>\n","protected":false},"template":"","class_list":["post-100","news","type-news","status-publish","hentry","newscat-homepage","newscat-lastnews"],"_links":{"self":[{"href":"https:\/\/www.futbolclubs.es\/veteranosguada\/wp-json\/wp\/v2\/api-news\/100","targetHints":{"allow":["GET"]}}],"collection":[{"href":"https:\/\/www.futbolclubs.es\/veteranosguada\/wp-json\/wp\/v2\/api-news"}],"about":[{"href":"https:\/\/www.futbolclubs.es\/veteranosguada\/wp-json\/wp\/v2\/types\/news"}],"wp:attachment":[{"href":"https:\/\/www.futbolclubs.es\/veteranosguada\/wp-json\/wp\/v2\/media?parent=100"}],"curies":[{"name":"wp","href":"https:\/\/api.w.org\/{rel}","templated":true}]}}